{"id":36561,"date":"2023-02-10T12:35:08","date_gmt":"2023-02-10T10:35:08","guid":{"rendered":"https:\/\/safebiz.ro\/?p=36561"},"modified":"2023-02-10T12:35:09","modified_gmt":"2023-02-10T10:35:09","slug":"helyi-vallalkozokent-miert-van-szuksegem-weboldalra","status":"publish","type":"post","link":"https:\/\/safebiz.ro\/hu\/helyi-vallalkozokent-miert-van-szuksegem-weboldalra\/","title":{"rendered":"Helyi v\u00e1llalkoz\u00f3k\u00e9nt mi\u00e9rt van sz\u00fcks\u00e9gem weboldalra?"},"content":{"rendered":"\n<p>Ha egy helyi v\u00e1llalkoz\u00f3 vagy \u00e9s csak egy kis ter\u00fcletet szolg\u00e1lsz ki f\u00f6l\u00f6slegesnek t\u0171nhet a weboldal l\u00e9trehoz\u00e1sa, de nem az!<\/p>\n\n\n\n<p>Tudtad, hogy az emberek az <strong>online megjelen\u00e9s \u00e9s kommunik\u00e1ci\u00f3 alapj\u00e1n<\/strong> \u00edt\u00e9lnek meg egy v\u00e1llalkoz\u00e1st?<\/p>\n\n\n\n<p>Ha fontosnak tartod, hogy m\u00e9gt\u00f6bb v\u00e1s\u00e1rl\u00f3t el\u00e9rj, akkor ideje fontol\u00f3ra venned weboldalad l\u00e9trehoz\u00e1s\u00e1t.<\/p>\n\n\n\n<h2 class=\"wp-block-heading\"><strong>A helyi v\u00e1llalkoz\u00e1s<\/strong><\/h2>\n\n\n\n<p>Helyi v\u00e1llalkoz\u00f3nak azt tekintj\u00fck, aki helyi szinten aj\u00e1nlja term\u00e9keit\/ szolg\u00e1ltat\u00e1sait.<\/p>\n\n\n\n<p>A <strong>helyi v\u00e1llalkoz\u00f3k<\/strong> t\u00edpus\u00e1t <strong>h\u00e1rom csoportba<\/strong> lehet sorolni.<\/p>\n\n\n\n<p>Az <strong>els\u0151 csoportba<\/strong> tartozik az <strong>igazi \u00fczlet<\/strong>, ahov\u00e1 t\u00e9nylegesen ell\u00e1togatnak a v\u00e1s\u00e1rl\u00f3k (vir\u00e1g\u00fczlet).<\/p>\n\n\n\n<p>A <strong>m\u00e1sodik csoportba<\/strong> tartozik az a v\u00e1llalkoz\u00f3, aki <strong>ter\u00fcleten szolg\u00e1ltat<\/strong>, <strong>akik kisz\u00e1llnak az \u00fcgyfelekhez<\/strong> (pizzafut\u00e1r).<\/p>\n\n\n\n<p>V\u00e9g\u00fcl a <strong>harmadik csoportba<\/strong> tartozik <strong>a szolg\u00e1ltat\u00e1st ny\u00fajt\u00f3 v\u00e1llalkoz\u00e1s<\/strong>, ami azt jelenti, hogy k\u00f6zelben \u00e9l\u0151 vagy messzir\u0151l utaz\u00f3 szem\u00e9lyeknek ny\u00fajtanak szolg\u00e1ltat\u00e1st, p\u00e9ld\u00e1ul idegenvezet\u00e9s.<\/p>\n\n\n\n<p>Mindegy, hogy te melyik csoportba sorolod magad, mertmindh\u00e1rom v\u00e1llalkoz\u00f3 t\u00edpusnak aj\u00e1nlott a v\u00e1llalkoz\u00f3 weboldal.<\/p>\n\n\n\n<h2 class=\"wp-block-heading\"><strong>Mi\u00e9rt van sz\u00fcks\u00e9ged helyi v\u00e1llalkoz\u00e1s weboldalra?<\/strong><\/h2>\n\n\n\n<p>Az emberek t\u00f6bbs\u00e9ge <strong>el\u0151sz\u00f6r interneten keresg\u00e9l<\/strong>, azt\u00e1n keresi fel a fizikai boltokat.<\/p>\n\n\n\n<p>Ha te rendelkezel helyi v\u00e1llalkoz\u00e1s weboldallal \u00e9s az optimaliz\u00e1lva van, hogy a term\u00e9ked\/ szolg\u00e1ltat\u00e1sod helyi szinten jelenjen meg els\u0151k\u00e9nt, akkor j\u00f3 es\u00e9llyel fel is fog keresni t\u00e9ged.<\/p>\n\n\n\n<p>S\u0151t, ha regisztr\u00e1lva vagy a Google C\u00e9gem profilra, akkor a Google t\u00e9rk\u00e9pen is megjelensz.<\/p>\n\n\n\n<p>Egyre t\u00f6bb a\u00a0<strong>tudatos v\u00e1s\u00e1rl\u00f3<\/strong>, akik nem haboznak t\u00f6bb kilom\u00e9terre elmenni, ha azt l\u00e1tj\u00e1k, hogy ott valami jobb.<\/p>\n\n\n\n<p>A<strong> helyadatok megad\u00e1s\u00e1val seg\u00edted a keres\u0151optimaliz\u00e1l\u00e1si strat\u00e9gi\u00e1t<\/strong>, \u00e9s a r\u00e9gi\u00f3dban nem j\u00e1rtas emberek k\u00f6nnyebben megtal\u00e1lhatj\u00e1k a v\u00e1llalkoz\u00e1sod.<\/p>\n\n\n\n<p>A keres\u0151motorok szempontj\u00e1b\u00f3l fontos, hogy egyedien legyen optimaliz\u00e1lva a weboldalad a kulcsszavakra. Ennek az\u00e9rt van nagy jelent\u0151s\u00e9ge, mert hozz\u00e1j\u00e1rul, hogy h\u00e1nyadik tal\u00e1latk\u00e9nt jelensz meg a keres\u0151ben.<\/p>\n\n\n\n<p>Aki a f\u0151 kulcssz\u00f3ra el\u0151l helyezkedik el, sokkal t\u00f6bb el\u0151nyt szerezhet a t\u00f6bbiekkel szemben. Ez\u00e9rt is nagyon el\u0151ny, ha van egy helyi v\u00e1llalkoz\u00e1s weboldalad.<\/p>\n\n\n\n<p>A weboldalad a v\u00e1llalkoz\u00e1sod virtu\u00e1lis kirakata, mellyel er\u0151s\u00edtheted a m\u00e1rk\u00e1d \u00e9s a bizalmat a\u00a0 kliensekben, valamint k\u00f6nnyebben kapcsolatba l\u00e9phetnek veled.<\/p>\n\n\n\n<p>Ne feledd, hogy v\u00e1s\u00e1rl\u00f3i visszajelz\u00e9sek hat\u00e9konyan emelik a c\u00e9ged egy magasabb szintre. Ha te nem tudod hat\u00e9konyan megsz\u00f3l\u00edtani a v\u00e1s\u00e1rl\u00f3kat, megteszi a versenyt\u00e1rsad ellopva ezzel a v\u00e1s\u00e1rl\u00f3idat.<\/p>\n\n\n\n<p>Egy plusz hasznos t\u00e9nyez\u0151je a helyi v\u00e1llalkoz\u00f3 weboldalnak, hogy<strong> a nap 24 \u00f3r\u00e1j\u00e1ban m\u0171k\u00f6dik<\/strong>\u00a0\u00e9s akkor is vonzza a l\u00e1togat\u00f3kat, amikor te \u00e9pp a val\u00f3 \u00e9letben te z\u00e1rva vagy.<\/p>\n\n\n\n<h3 class=\"wp-block-heading\"><strong>Milyen el\u0151ny\u00f6kkel j\u00e1r, ha mindkett\u0151t haszn\u00e1lunk: weboldal + Google c\u00e9gem (GMB<\/strong>)<\/h3>\n\n\n\n<p>Egy p\u00e9ld\u00e1val al\u00e1t\u00e1masztom, a helyi v\u00e1llalkoz\u00e1s weboldal \u00e9s a <a href=\"https:\/\/www.google.com\/intl\/hu_hu\/business\/\" target=\"_blank\" data-schema-attribute=\"about\" rel=\"noreferrer noopener\">Google C\u00e9gem<\/a> kett\u0151ss\u00e9g\u00e9nek j\u00f3t\u00e9kony hat\u00e1s\u00e1t.<\/p>\n\n\n\n<p>A feles\u00e9gem <strong>\u00fcgyv\u00e9d Sepsiszentgy\u00f6rgy\u00f6n<\/strong>. Ha jelenleg keresel \u00fcgyv\u00e9det Sepsiszentgy\u00f6rgy\u00f6n, megl\u00e1tod, hogy nemcsak a honlapja hanem a Google profilja is els\u0151k\u00e9nt jelenik meg.<\/p>\n\n\n\n<p>Ez a megjelen\u00edt\u00e9s \u00e1ltal havonta <strong>folyamatosan t\u00f6bb \u00fcgyf\u00e9l tal\u00e1l r\u00e1<\/strong>, mindez teljesen ingyen, mivel nem kell fizetnie semmilyen hirdet\u00e9sekre.<\/p>\n\n\n\n<p>A weboldal optimaliz\u00e1l\u00e1s\u00e1val siker\u00fclt r\u00f6vid id\u0151n bel\u00fcl, hogy Google els\u0151 legyen az \u201e\u00fcgyv\u00e9d Sepsiszentgy\u00f6rgy\u201d kulcssz\u00f3ra.<\/p>\n\n\n\n<p>A Google C\u00e9gem profil t\u00f6bbsz\u00f6ri optimaliz\u00e1l\u00e1s\u00e1val siker\u00fclt, hogy a helyi szolg\u00e1ltat\u00e1sok list\u00e1j\u00e1n is els\u0151 legyen.<\/p>\n\n\n\n<p>Egy 6 hetes optimaliz\u00e1l\u00e1si folyamat ut\u00e1n siker\u00fclt nemcsak a weboldalt, hanem a Google \u00fczleti profilj\u00e1t is els\u0151 hely\u00e9re hozni. Ha kedvet kapt\u00e1l egy helyi v\u00e1llalkoz\u00e1s weboldalhoz, b\u00e1tran keress meg!<\/p>\n\n\n\n<p><strong>Neked is seg\u00edthetek a <a href=\"https:\/\/safebiz.hu\/keresooptimalizalt-weboldal-keszites\/\" data-type=\"page\" data-id=\"35418\" target=\"_blank\" rel=\"noopener\">Google els\u0151 hely\u00e9re<\/a> jutni.<\/strong><\/p>\n\n\n\n<h3 class=\"wp-block-heading\"><strong>Milyen h\u00e1tr\u00e1nya van, ha nincs weboldalad?<\/strong><\/h3>\n\n\n\n<p>Ha nincs v\u00e1llalkoz\u00f3i weboldalad, akkor h\u00e1tr\u00e1nyosan indulsz, mivel mindenki internetezik, m\u00e9g az id\u0151sek k\u00f6r\u00e9ben sem ritka.<\/p>\n\n\n\n<p>El\u0151bb-ut\u00f3bb mindenk\u00e9ppen besz\u00e9lni fognak r\u00f3lad az interneten, att\u00f3l f\u00fcggetlen\u00fcl, hogy jelen vagy-e vagy sem. A m\u00e1r megl\u00e9v\u0151 \u00fcgyfeleid itt-ott elfogj\u00e1k mondani a v\u00e9lem\u00e9ny\u00fcket, tapasztalataikat a v\u00e1llalkoz\u00e1sodr\u00f3l.<\/p>\n\n\n\n<p>Ameddig nincsen egy saj\u00e1t, hivatalos honlapod, senki nem fogja tudni, hogy val\u00f3j\u00e1ban te mit k\u00e9pviselsz, mi sz\u00e1modra a fontos a v\u00e1llalkoz\u00e1soddal kapcsolatban, teljes m\u00e9rt\u00e9kben r\u00e1 leszel szorulva, hogy m\u00e1sok mondjanak j\u00f3 dolgokat r\u00f3lad.<\/p>\n\n\n\n<p>A mai rohan\u00f3 vil\u00e1gban, <strong>amelyik v\u00e1llalkoz\u00e1s nem rendelkezik online jelenl\u00e9ttel, az nem is l\u00e9tezik. \u00dagy tartom, haladni kell a korral \u00e9s amire van kereslet, olyan kell legyen a k\u00edn\u00e1lat, k\u00fcl\u00f6nben nehezen marad fenn a c\u00e9ged. \u00a0Korszer\u0171en kell kiel\u00e9g\u00edtened a v\u00e1s\u00e1rl\u00f3id \u00e9s a potenci\u00e1lis v\u00e1s\u00e1rl\u00f3id ig\u00e9nyeit.<\/strong><\/p>\n\n\n\n<p>M\u00e9g egy rossz h\u00e1tr\u00e1nya ha nincs weboldalad. Bizony\u00e1ra a konkurenci\u00e1dnak is van weboldala, akkor neked is \u00a0k\u00f6telez\u0151en kell, mert ha neked nincs, mindenki aki r\u00e1keres egy term\u00e9kre az \u0151 weblapj\u00e1n fog kik\u00f6tni \u00e9s elviszi a klienseket.<\/p>\n\n\n\n<p>El\u0151fordulhat az is, hogy nem fog megb\u00edzni benned a kliens, hiszen nem tudja sehol sem ellen\u0151rizni, t\u00e9nyleg azzal foglalkozol-e, amit mondanak r\u00f3lad.<\/p>\n\n\n\n<p>Nem engedheted meg magadnak, hogy az emberekre b\u00edzd a c\u00e9ged h\u00edrnev\u00e9t, mert mindig akad olyan, akinek nem tudod kiel\u00e9g\u00edteni az ig\u00e9ny\u00e9t.<\/p>\n\n\n\n<p>Ha nem is \u00e9rtesz a modern dolgokhoz vagy idegen t\u0151led, vannak szakemberek, akik megcsin\u00e1lj\u00e1k helyetted!<\/p>\n\n\n\n<h3 class=\"wp-block-heading\"><strong>8 ok, ami\u00e9rt meg\u00e9ri helyi v\u00e1llalkoz\u00e1s weboldalt l\u00e9trehozni<\/strong><\/h3>\n\n\n\n<ol class=\"wp-block-list\" type=\"1\">\n<li><strong>t\u00f6bb emberhez eljuthat a term\u00e9ked<\/strong>: m\u00e9g akkor is, ha csak helyi szinten akarod \u00e9rt\u00e9kes\u00edteni;<\/li>\n\n\n\n<li><strong>gyors \u00e9s naprak\u00e9sz kommunik\u00e1ci\u00f3<\/strong>: azonnal kitudod \u00edrni az \u00fajdons\u00e1gokat;<\/li>\n\n\n\n<li><strong>hitelesebb\u00e9 v\u00e1lsz<\/strong>: k\u00e9pek, \u00edrhatsz magadr\u00f3l, a v\u00e1llalkoz\u00e1sodr\u00f3l;<\/li>\n\n\n\n<li><strong>p\u00e9nzt sp\u00f3rolsz<\/strong>: nem kell sz\u00f3r\u00f3lap, n\u00e9vjegyk\u00e1rtya, hanem csak kifizeted a t\u00e1rhelye \u00e9s a weboldal elk\u00e9sz\u00edt\u00e9s\u00e9nek k\u00f6lts\u00e9geit, innent\u0151l m\u00e1r csak visszaj\u00f6n a p\u00e9nz;<\/li>\n\n\n\n<li><strong>haladsz a korral<\/strong>: amilyen a kereslet olyan a k\u00edn\u00e1lat;<\/li>\n\n\n\n<li><strong>megjelensz a keres\u0151ben<\/strong>;<\/li>\n\n\n\n<li><strong>megjelenhetsz az els\u0151 p\u00e1r tal\u00e1lat k\u00f6z\u00f6tt: <\/strong>egy j\u00f3l optimaliz\u00e1lt weboldal seg\u00edts\u00e9g\u00e9vel;<\/li>\n\n\n\n<li><strong>meggy\u0151z\u0151 lehetsz<\/strong>: t\u00e9ged fog v\u00e1lasztani \u00e9s v\u00e1s\u00e1rolni fog.<\/li>\n<\/ol>\n\n\n\n<p>Ahogy m\u00e1r fentebb eml\u00edtettem, ha nem vagy jelen online, akkor nem is l\u00e9tezel. Napjainkban az a fontos, ami az interneten van. <\/p>\n\n\n\n<p>Ha a te c\u00e9ged is megtal\u00e1lhat\u00f3, akkor nyert \u00fcgyed van. Megk\u00f6nny\u00edted a saj\u00e1t dolgod, ha l\u00e9trehozod a v\u00e1llalkoz\u00f3 weboldalad, \u00edgy hitelesebb\u00e9 v\u00e1lasz az \u00fcgyfelek szem\u00e9ben \u00e9s gyarap\u00edthatod \u0151ket.<\/p>\n\n\n\n<p>Gyere \u00e9s \u00e1lmodd meg \u00e1lmaid weboldal\u00e1t!<\/p>\n","protected":false},"excerpt":{"rendered":"<p>Ha egy helyi v\u00e1llalkoz\u00f3 vagy \u00e9s csak egy kis ter\u00fcletet szolg\u00e1lsz ki f\u00f6l\u00f6slegesnek t\u0171nhet a weboldal l\u00e9trehoz\u00e1sa, de nem az! Tudtad, hogy az emberek az online megjelen\u00e9s \u00e9s kommunik\u00e1ci\u00f3 alapj\u00e1n \u00edt\u00e9lnek meg egy v\u00e1llalkoz\u00e1st? Ha fontosnak tartod, hogy m\u00e9gt\u00f6bb v\u00e1s\u00e1rl\u00f3t el\u00e9rj, akkor ideje fontol\u00f3ra venned weboldalad l\u00e9trehoz\u00e1s\u00e1t. A helyi v\u00e1llalkoz\u00e1s Helyi v\u00e1llalkoz\u00f3nak azt tekintj\u00fck, aki&#8230;<\/p>\n","protected":false},"author":1,"featured_media":36563,"comment_status":"closed","ping_status":"open","sticky":false,"template":"","format":"standard","meta":{"_acf_changed":false,"_kad_blocks_custom_css":"","_kad_blocks_head_custom_js":"","_kad_blocks_body_custom_js":"","_kad_blocks_footer_custom_js":"","_kad_post_transparent":"","_kad_post_title":"","_kad_post_layout":"","_kad_post_sidebar_id":"","_kad_post_content_style":"","_kad_post_vertical_padding":"","_kad_post_feature":"","_kad_post_feature_position":"","_kad_post_header":false,"_kad_post_footer":false,"_kad_post_classname":"","footnotes":""},"categories":[81],"tags":[],"class_list":["post-36561","post","type-post","status-publish","format-standard","has-post-thumbnail","hentry","category-weboldal"],"acf":[],"taxonomy_info":{"category":[{"value":81,"label":"Weboldal"}]},"featured_image_src_large":["https:\/\/safebiz.ro\/wp-content\/uploads\/2023\/02\/helyi-vallalkozas-weboldal-1024x681.jpg",1024,681,true],"author_info":{"display_name":"taki","author_link":"https:\/\/safebiz.ro\/hu\/author\/taki\/"},"comment_info":0,"category_info":[{"term_id":81,"name":"Weboldal","slug":"weboldal","term_group":0,"term_taxonomy_id":81,"taxonomy":"category","description":"","parent":0,"count":7,"filter":"raw","cat_ID":81,"category_count":7,"category_description":"","cat_name":"Weboldal","category_nicename":"weboldal","category_parent":0}],"tag_info":false,"_links":{"self":[{"href":"https:\/\/safebiz.ro\/hu\/wp-json\/wp\/v2\/posts\/36561","targetHints":{"allow":["GET"]}}],"collection":[{"href":"https:\/\/safebiz.ro\/hu\/wp-json\/wp\/v2\/posts"}],"about":[{"href":"https:\/\/safebiz.ro\/hu\/wp-json\/wp\/v2\/types\/post"}],"author":[{"embeddable":true,"href":"https:\/\/safebiz.ro\/hu\/wp-json\/wp\/v2\/users\/1"}],"replies":[{"embeddable":true,"href":"https:\/\/safebiz.ro\/hu\/wp-json\/wp\/v2\/comments?post=36561"}],"version-history":[{"count":2,"href":"https:\/\/safebiz.ro\/hu\/wp-json\/wp\/v2\/posts\/36561\/revisions"}],"predecessor-version":[{"id":36565,"href":"https:\/\/safebiz.ro\/hu\/wp-json\/wp\/v2\/posts\/36561\/revisions\/36565"}],"wp:featuredmedia":[{"embeddable":true,"href":"https:\/\/safebiz.ro\/hu\/wp-json\/wp\/v2\/media\/36563"}],"wp:attachment":[{"href":"https:\/\/safebiz.ro\/hu\/wp-json\/wp\/v2\/media?parent=36561"}],"wp:term":[{"taxonomy":"category","embeddable":true,"href":"https:\/\/safebiz.ro\/hu\/wp-json\/wp\/v2\/categories?post=36561"},{"taxonomy":"post_tag","embeddable":true,"href":"https:\/\/safebiz.ro\/hu\/wp-json\/wp\/v2\/tags?post=36561"}],"curies":[{"name":"wp","href":"https:\/\/api.w.org\/{rel}","templated":true}]}}